{"id":357874,"date":"2025-05-10T20:31:49","date_gmt":"2025-05-10T18:31:49","guid":{"rendered":"https:\/\/hvc.de\/un-investissement-de-plusieurs-tonnes\/"},"modified":"2025-05-10T20:31:49","modified_gmt":"2025-05-10T18:31:49","slug":"un-investissement-de-plusieurs-tonnes","status":"publish","type":"post","link":"https:\/\/hvc.de\/fr\/un-investissement-de-plusieurs-tonnes\/","title":{"rendered":"\u00ab\u00a0Un investissement de plusieurs tonnes\u00a0\u00bb"},"content":{"rendered":"<h2>Hubert von Carnap ach\u00e8te une nouvelle machine \u00e0 imprimer pour 5 millions d&rsquo;euros apr\u00e8s un incendie<\/h2>\n<p>&#8211; \u00e9crit le K\u00f6lner Stadtanzeiger dans sa derni\u00e8re \u00e9dition.  <!--more-->  Cette nouvelle machine d&rsquo;impression est enfin pr\u00eate. Ceux qui suivent notre blog ont pu assister de pr\u00e8s au processus. Apr\u00e8s la livraison des pi\u00e8ces finies, la gigantesque machine d&rsquo;impression a pu \u00eatre mont\u00e9e chez nous en six jours, tel un ph\u00e9nix renaissant de ses cendres. Nous sommes \u00e0 nouveau pr\u00eats \u00e0 imprimer chez HvC !   <\/p>\n<p>Le chemin jusqu&rsquo;\u00e0 la nouvelle machine d&rsquo;impression termin\u00e9e s&rsquo;est naturellement av\u00e9r\u00e9 bien plus long que six jours. C&rsquo;est ce processus, depuis l&rsquo;incendie de septembre dernier, que le K\u00f6lner Stadtanzeiger passe en revue dans son <a href=\"https:\/\/www.ksta.de\/region\/rhein-sieg-bonn\/eitorf---windeck\/nach-brand-hubert-von-carnap-investiert-fuenf-millionen-euro-in-den-standort-windeck-38423332\">nouvel article sur HvC<\/a>. A lire absolument !  <\/p>\n<div id=\"attachment_1304\" style=\"width: 267px\" class=\"wp-caption aligncenter\"><a href=\"https:\/\/www.hvc.de\/de\/wp-content\/uploads\/2021\/05\/ksta-26-05-2021-aufbau-druckmaschine-hubert-von-carnap.pdf\"><img loading=\"lazy\" decoding=\"async\" aria-describedby=\"caption-attachment-1304\" class=\"wp-image-1304 size-medium\" src=\"https:\/\/www.hvc.de\/de\/wp-content\/uploads\/2021\/05\/hvc-neue-druckmaschine-ksta-bild-257x300.jpg\" alt=\"hvc-nouvelle-imprimante-ksta-image\" width=\"257\" height=\"300\"\/><\/a><p id=\"caption-attachment-1304\" class=\"wp-caption-text\"><em>Cliquez pour agrandir<\/em><\/p><\/div>\n<p style=\"text-align: center;\">\n","protected":false},"excerpt":{"rendered":"<p>Hubert von Carnap ach\u00e8te une nouvelle machine \u00e0 imprimer pour 5 millions d&rsquo;euros apr\u00e8s un incendie &#8211; \u00e9crit le K\u00f6lner Stadtanzeiger dans sa derni\u00e8re \u00e9dition.<\/p>\n","protected":false},"author":1,"featured_media":0,"comment_status":"closed","ping_status":"open","sticky":false,"template":"","format":"standard","meta":{"_seopress_robots_primary_cat":"","_seopress_titles_title":"","_seopress_titles_desc":"","_seopress_robots_index":"","inline_featured_image":false,"_jetpack_memberships_contains_paid_content":false,"footnotes":""},"categories":[143],"tags":[],"class_list":["post-357874","post","type-post","status-publish","format-standard","hentry","category-non-categorise"],"jetpack_featured_media_url":"","jetpack_sharing_enabled":true,"_links":{"self":[{"href":"https:\/\/hvc.de\/fr\/wp-json\/wp\/v2\/posts\/357874","targetHints":{"allow":["GET"]}}],"collection":[{"href":"https:\/\/hvc.de\/fr\/wp-json\/wp\/v2\/posts"}],"about":[{"href":"https:\/\/hvc.de\/fr\/wp-json\/wp\/v2\/types\/post"}],"author":[{"embeddable":true,"href":"https:\/\/hvc.de\/fr\/wp-json\/wp\/v2\/users\/1"}],"replies":[{"embeddable":true,"href":"https:\/\/hvc.de\/fr\/wp-json\/wp\/v2\/comments?post=357874"}],"version-history":[{"count":0,"href":"https:\/\/hvc.de\/fr\/wp-json\/wp\/v2\/posts\/357874\/revisions"}],"wp:attachment":[{"href":"https:\/\/hvc.de\/fr\/wp-json\/wp\/v2\/media?parent=357874"}],"wp:term":[{"taxonomy":"category","embeddable":true,"href":"https:\/\/hvc.de\/fr\/wp-json\/wp\/v2\/categories?post=357874"},{"taxonomy":"post_tag","embeddable":true,"href":"https:\/\/hvc.de\/fr\/wp-json\/wp\/v2\/tags?post=357874"}],"curies":[{"name":"wp","href":"https:\/\/api.w.org\/{rel}","templated":true}]}}